{"id":981,"date":"2022-07-19T17:09:23","date_gmt":"2022-07-19T20:09:23","guid":{"rendered":"https:\/\/dadosdr.uffs.edu.br\/?p=981"},"modified":"2022-07-19T23:40:31","modified_gmt":"2022-07-20T02:40:31","slug":"administracao-estudos-organizacionais-e-sociedade-2","status":"publish","type":"post","link":"https:\/\/dadosdr.uffs.edu.br\/index.php\/2022\/07\/19\/administracao-estudos-organizacionais-e-sociedade-2\/","title":{"rendered":"Administra\u00e7\u00e3o: Estudos organizacionais e sociedade 2"},"content":{"rendered":"\n<p>A constru\u00e7\u00e3o do campo de estudos em Administra\u00e7\u00e3o tem passado por uma crescente produ\u00e7\u00e3o incremental de pesquisas em diferentes partes do mundo em raz\u00e3o das r\u00e1pidas transforma\u00e7\u00f5es da realidade social, raz\u00e3o pela qual o presente livro surge para ampliar os debates tem\u00e1ticos com um enfoque plural\u00edstico e fundamentado na riqueza emp\u00edrica da realidade de um conjunto de estudos de caso.<\/p>\n\n\n\n<p>Esta obra, intitulada \u201cAdministra\u00e7\u00e3o: Estudos organizacionais e sociedade 2\u201d, apresenta uma rica agenda de an\u00e1lises que valorizam a riqueza emp\u00edrica da realidade administrativa em sua concretude, valorizando no trabalho de campo a constru\u00e7\u00e3o de reflex\u00f5es e novos conhecimentos que podem eventualmente corroborar para o avan\u00e7o das fronteiras cient\u00edficas, sem um necess\u00e1rio comprometimento com paradigmas ou teorias de mainstream.<\/p>\n\n\n\n<p>O objetivo da presente obra \u00e9 analisar a realidade emp\u00edrica das organiza\u00e7\u00f5es e do desenvolvimento organizacional por meio de uma triangula\u00e7\u00e3o metodol\u00f3gica de levantamentos bibliogr\u00e1ficos com estudos de casos que \u00e9 funcional para despertar a replica\u00e7\u00e3o de uma reflex\u00e3o cr\u00edtica sobre a constru\u00e7\u00e3o do conhecimento cient\u00edfico em Administra\u00e7\u00e3o com base na an\u00e1lise da realidade.<\/p>\n\n\n\n<p>Caracterizado por uma natureza explorat\u00f3ria, descritiva e explicativa quanto aos fins e uma abordagem quali-quantitativa, este livro foi estruturado pela conjuga\u00e7\u00e3o de uma l\u00f3gica convergente no uso do m\u00e9todo dedutivo a fim de possibilitar divergentes abordagens te\u00f3rico-conceituais para abordar a realidade emp\u00edrica dos relatos de experi\u00eancia e dos estudos de caso, assim resultando em uma pluralidade de debates.<\/p>\n\n\n\n<p>Os 19 cap\u00edtulos apresentados neste livro s\u00e3o oriundos de uma reflex\u00e3o emp\u00edrica constru\u00edda por um conjunto de profissionais oriundos de distintas Institui\u00e7\u00f5es de Ensino Superior do Brasil e do exterior, corroborando assim para a expans\u00e3o das fronteiras do conhecimento com base em um trabalho constru\u00eddo coletivamente com v\u00e1rias m\u00e3os e buscando difundir a pluralidade de pensamento.<\/p>\n\n\n\n<p>Em nome de todos os pesquisadoras e pesquisadores envolvidos neste livro, comprometidos com o desenvolvimento cient\u00edfico dos estudos administrativos, convidamos voc\u00ea leitor(a) para explorar conosco, neste rico campo epistemol\u00f3gico, toda a riqueza emp\u00edrica da nossa realidade organizacional contempor\u00e2nea, pois urge a necessidade de avan\u00e7armos com an\u00e1lises mais abertas ao debate e \u00e0 pluralidade te\u00f3rico-metodol\u00f3gica.&nbsp;&nbsp;<\/p>\n\n\n\n<p>Excelente leitura!<\/p>\n\n\n\n<p>Prof. Dr. El\u00f3i Martins Senhoras<\/p>\n\n\n\n<p><strong>DOI:<\/strong>&nbsp;10.22533\/at.ed.334211709<\/p>\n\n\n\n<p><strong>ISBN:<\/strong>\u00a0978-65-5983-433-4<\/p>\n\n\n\n<p><a href=\"https:\/\/www.atenaeditora.com.br\/post-ebook\/4423\" target=\"_blank\" rel=\"noreferrer noopener\">Download<\/a><\/p>\n","protected":false},"excerpt":{"rendered":"<p>A constru\u00e7\u00e3o do campo de estudos em Administra\u00e7\u00e3o tem passado por uma crescente produ\u00e7\u00e3o incremental de pesquisas em diferentes partes do mundo em raz\u00e3o das r\u00e1pidas transforma\u00e7\u00f5es da realidade social, raz\u00e3o pela qual o presente livro surge para ampliar os debates tem\u00e1ticos com um enfoque plural\u00edstico e fundamentado na riqueza emp\u00edrica da realidade de um conjunto de estudos de caso. Esta obra, intitulada \u201cAdministra\u00e7\u00e3o: Estudos organizacionais e sociedade 2\u201d, apresenta uma rica agenda de an\u00e1lises que valorizam a riqueza emp\u00edrica da realidade administrativa em sua concretude, valorizando no trabalho de campo a constru\u00e7\u00e3o de reflex\u00f5es e novos conhecimentos que podem eventualmente corroborar para o avan\u00e7o das fronteiras cient\u00edficas, sem um necess\u00e1rio comprometimento com paradigmas ou teorias de mainstream<\/p>\n","protected":false},"author":2,"featured_media":982,"comment_status":"closed","ping_status":"closed","sticky":false,"template":"","format":"standard","meta":{"footnotes":""},"categories":[60,61,11,70],"tags":[208,209,210],"class_list":["post-981","post","type-post","status-publish","format-standard","has-post-thumbnail","hentry","category-edemar-rotta","category-ivann-carlos-lago","category-livros","category-neusa-rossini","tag-administracao","tag-estudos-organizacionais","tag-sociedade"],"acf":[],"_links":{"self":[{"href":"https:\/\/dadosdr.uffs.edu.br\/index.php\/wp-json\/wp\/v2\/posts\/981","targetHints":{"allow":["GET"]}}],"collection":[{"href":"https:\/\/dadosdr.uffs.edu.br\/index.php\/wp-json\/wp\/v2\/posts"}],"about":[{"href":"https:\/\/dadosdr.uffs.edu.br\/index.php\/wp-json\/wp\/v2\/types\/post"}],"author":[{"embeddable":true,"href":"https:\/\/dadosdr.uffs.edu.br\/index.php\/wp-json\/wp\/v2\/users\/2"}],"replies":[{"embeddable":true,"href":"https:\/\/dadosdr.uffs.edu.br\/index.php\/wp-json\/wp\/v2\/comments?post=981"}],"version-history":[{"count":2,"href":"https:\/\/dadosdr.uffs.edu.br\/index.php\/wp-json\/wp\/v2\/posts\/981\/revisions"}],"predecessor-version":[{"id":997,"href":"https:\/\/dadosdr.uffs.edu.br\/index.php\/wp-json\/wp\/v2\/posts\/981\/revisions\/997"}],"wp:featuredmedia":[{"embeddable":true,"href":"https:\/\/dadosdr.uffs.edu.br\/index.php\/wp-json\/wp\/v2\/media\/982"}],"wp:attachment":[{"href":"https:\/\/dadosdr.uffs.edu.br\/index.php\/wp-json\/wp\/v2\/media?parent=981"}],"wp:term":[{"taxonomy":"category","embeddable":true,"href":"https:\/\/dadosdr.uffs.edu.br\/index.php\/wp-json\/wp\/v2\/categories?post=981"},{"taxonomy":"post_tag","embeddable":true,"href":"https:\/\/dadosdr.uffs.edu.br\/index.php\/wp-json\/wp\/v2\/tags?post=981"}],"curies":[{"name":"wp","href":"https:\/\/api.w.org\/{rel}","templated":true}]}}