{"id":695,"date":"2022-05-18T19:58:39","date_gmt":"2022-05-18T22:58:39","guid":{"rendered":"https:\/\/dadosdr.uffs.edu.br\/?p=695"},"modified":"2022-05-18T19:58:39","modified_gmt":"2022-05-18T22:58:39","slug":"2018-dissertacoes-do-programa-de-pos-graduacao-em-desenvolvimento-e-politicas-da-uffs","status":"publish","type":"post","link":"https:\/\/dadosdr.uffs.edu.br\/index.php\/2022\/05\/18\/2018-dissertacoes-do-programa-de-pos-graduacao-em-desenvolvimento-e-politicas-da-uffs\/","title":{"rendered":"2018 &#8211; Disserta\u00e7\u00f5es do Programa de P\u00f3s-Gradua\u00e7\u00e3o em Desenvolvimento e Pol\u00edticas da UFFS"},"content":{"rendered":"\n<p>No quadro abaixo encontram-se as disserta\u00e7\u00f5es do Programa de P\u00f3s-Gradua\u00e7\u00e3o em Desenvolvimento e Pol\u00edticas P\u00fablicas (PPGDPP) da Universidade Federal da Fronteira Sul (UFFS) <em>campus <\/em>Cerro Largo\/RS, publicadas no ano de 2018.<\/p>\n\n\n\n<p><\/p>\n\n\n\n<figure class=\"wp-block-table is-style-stripes\"><table class=\"has-fixed-layout\"><tbody><tr><td class=\"has-text-align-center\" data-align=\"center\"><strong>T\u00edtulo da disserta\u00e7\u00e3o<\/strong><\/td><td class=\"has-text-align-center\" data-align=\"center\"><strong>Autor (a)<\/strong><\/td><td class=\"has-text-align-center\" data-align=\"center\"><strong>Orientador (a)<\/strong><\/td><td class=\"has-text-align-center\" data-align=\"center\"><strong>Link de acesso<\/strong><\/td><\/tr><tr><td class=\"has-text-align-center\" data-align=\"center\">Oferta de acessibilidade na Prefeitura e C\u00e2mara de Vereadores do Munic\u00edpio de Santa Rosa\/RS no ano de 2017<\/td><td class=\"has-text-align-center\" data-align=\"center\">Abel Eduardo Auth<\/td><td class=\"has-text-align-center\" data-align=\"center\">Monize S\u00e2mara Visentini<\/td><td class=\"has-text-align-center\" data-align=\"center\"><a href=\"https:\/\/rd.uffs.edu.br\/bitstream\/prefix\/1963\/1\/AUTH.pdf\" target=\"_blank\" rel=\"noreferrer noopener\">https:\/\/rd.uffs.edu.br\/bitstream\/prefix\/1963\/1\/AUTH.pdf<\/a><\/td><\/tr><tr><td class=\"has-text-align-center\" data-align=\"center\">A inova\u00e7\u00e3o a partir do processo de subcontrata\u00e7\u00e3o nas ind\u00fastrias do setor metalmec\u00e2nico no Munic\u00edpio de Santa Rosa\/RS<\/td><td class=\"has-text-align-center\" data-align=\"center\">Aline Barbosa Dias<\/td><td class=\"has-text-align-center\" data-align=\"center\">Edemar Rotta<\/td><td class=\"has-text-align-center\" data-align=\"center\"><a href=\"https:\/\/rd.uffs.edu.br\/bitstream\/prefix\/2271\/1\/DIAS.pdf\" target=\"_blank\" rel=\"noreferrer noopener\">https:\/\/rd.uffs.edu.br\/bitstream\/prefix\/2271\/1\/DIAS.pdf<\/a><\/td><\/tr><tr><td class=\"has-text-align-center\" data-align=\"center\">As pol\u00edticas p\u00fablicas de sa\u00fade \u00e0 pessoa idosa e sua aplicabilidade no Munic\u00edpio de S\u00e3o Luiz Gonzaga\/RS: marcos legais e regulat\u00f3rios<\/td><td class=\"has-text-align-center\" data-align=\"center\">Ana Carla Fran\u00e7a Ribas Zanini<\/td><td class=\"has-text-align-center\" data-align=\"center\">Sandra Vidal Nogueira<\/td><td class=\"has-text-align-center\" data-align=\"center\"><a href=\"https:\/\/rd.uffs.edu.br\/bitstream\/prefix\/2047\/1\/ZANINI.pdf\" target=\"_blank\" rel=\"noreferrer noopener\">https:\/\/rd.uffs.edu.br\/bitstream\/prefix\/2047\/1\/ZANINI.pdf<\/a><\/td><\/tr><tr><td class=\"has-text-align-center\" data-align=\"center\">O processo de implanta\u00e7\u00e3o da pol\u00edtica de assist\u00eancia social nos Munic\u00edpios da Fronteira Noroeste do RS<\/td><td class=\"has-text-align-center\" data-align=\"center\">Ana Sabina Mantey<\/td><td class=\"has-text-align-center\" data-align=\"center\">Edemar Rotta<\/td><td class=\"has-text-align-center\" data-align=\"center\"><a href=\"https:\/\/rd.uffs.edu.br\/bitstream\/prefix\/1954\/1\/MANTEY.pdf\" target=\"_blank\" rel=\"noreferrer noopener\">https:\/\/rd.uffs.edu.br\/bitstream\/prefix\/1954\/1\/MANTEY.pdf<\/a><\/td><\/tr><tr><td class=\"has-text-align-center\" data-align=\"center\">Atendimento \u00e0 sa\u00fade no sistema prisional: controle social x par\u00e2metros para redu\u00e7\u00e3o carcer\u00e1ria<\/td><td class=\"has-text-align-center\" data-align=\"center\">Anderson Roque Paz Dias<\/td><td class=\"has-text-align-center\" data-align=\"center\">Enise Barth Teixeira<\/td><td class=\"has-text-align-center\" data-align=\"center\"><a href=\"https:\/\/rd.uffs.edu.br\/bitstream\/prefix\/3080\/1\/DIAS.pdf\" target=\"_blank\" rel=\"noreferrer noopener\">https:\/\/rd.uffs.edu.br\/bitstream\/prefix\/3080\/1\/DIAS.pdf<\/a><\/td><\/tr><tr><td class=\"has-text-align-center\" data-align=\"center\">Pol\u00edticas p\u00fablicas para as mulheres: compreens\u00e3o a partir das narrativas de mulheres atendidas nos munic\u00edpios de Santa Rosa e Santo \u00c2ngelo (RS)<\/td><td class=\"has-text-align-center\" data-align=\"center\">Andr\u00e9ia Fr\u00f6hlich Justen<\/td><td class=\"has-text-align-center\" data-align=\"center\">Louise de Lira Roedel Botelho<\/td><td class=\"has-text-align-center\" data-align=\"center\"><a href=\"https:\/\/rd.uffs.edu.br\/bitstream\/prefix\/1932\/1\/JUSTEN.pdf\" target=\"_blank\" rel=\"noreferrer noopener\">https:\/\/rd.uffs.edu.br\/bitstream\/prefix\/1932\/1\/JUSTEN.pdf<\/a><\/td><\/tr><tr><td class=\"has-text-align-center\" data-align=\"center\">Escolas do interior do Munic\u00edpio de Cerro Largo: uma an\u00e1lise de seus projetos pol\u00edtico-pedag\u00f3gicos e pr\u00e1ticas pedag\u00f3gicas<\/td><td class=\"has-text-align-center\" data-align=\"center\">Carla In\u00eas Dillenburg<\/td><td class=\"has-text-align-center\" data-align=\"center\">Louise de Lira Roedel Botelho<\/td><td class=\"has-text-align-center\" data-align=\"center\"><a href=\"https:\/\/rd.uffs.edu.br\/bitstream\/prefix\/2170\/1\/DILLENBURG.pdf\" target=\"_blank\" rel=\"noreferrer noopener\">https:\/\/rd.uffs.edu.br\/bitstream\/prefix\/2170\/1\/DILLENBURG.pdf<\/a><\/td><\/tr><tr><td class=\"has-text-align-center\" data-align=\"center\">Forma\u00e7\u00e3o continuada dos agentes educacionais da educa\u00e7\u00e3o b\u00e1sica p\u00fablica do estado do Rio Grande do Sul: a experi\u00eancia da forma\u00e7\u00e3o continuada macromissioneira<\/td><td class=\"has-text-align-center\" data-align=\"center\">Francisco Angst<\/td><td class=\"has-text-align-center\" data-align=\"center\">Livio Osvaldo Arenhart<\/td><td class=\"has-text-align-center\" data-align=\"center\"><a href=\"https:\/\/rd.uffs.edu.br\/bitstream\/prefix\/1931\/1\/ANGST.pdf\" target=\"_blank\" rel=\"noreferrer noopener\">https:\/\/rd.uffs.edu.br\/bitstream\/prefix\/1931\/1\/ANGST.pdf<\/a><\/td><\/tr><tr><td class=\"has-text-align-center\" data-align=\"center\">Pol\u00edticas de aquisi\u00e7\u00e3o de alimentos no corede Miss\u00f5es\/RS e as possibilidades emancipat\u00f3rias para a agricultura familiar<\/td><td class=\"has-text-align-center\" data-align=\"center\">Ivan Jacson Preuss<\/td><td class=\"has-text-align-center\" data-align=\"center\">Cesar de Miranda e Lemos<\/td><td class=\"has-text-align-center\" data-align=\"center\"><a href=\"https:\/\/rd.uffs.edu.br\/bitstream\/prefix\/2171\/1\/PREUSS.pdf\" target=\"_blank\" rel=\"noreferrer noopener\">https:\/\/rd.uffs.edu.br\/bitstream\/prefix\/2171\/1\/PREUSS.pdf<\/a><\/td><\/tr><tr><td class=\"has-text-align-center\" data-align=\"center\">A democracia deliberativa na teoria Habermasiana: limites e possibilidades \u00e0 luz da cultura contempor\u00e2nea<\/td><td class=\"has-text-align-center\" data-align=\"center\">Josnei Machry Weber<\/td><td class=\"has-text-align-center\" data-align=\"center\">Ivann Carlos Lago<\/td><td class=\"has-text-align-center\" data-align=\"center\"><a href=\"https:\/\/rd.uffs.edu.br\/bitstream\/prefix\/1952\/1\/WEBER.pdf\" target=\"_blank\" rel=\"noreferrer noopener\">https:\/\/rd.uffs.edu.br\/bitstream\/prefix\/1952\/1\/WEBER.pdf<\/a><\/td><\/tr><tr><td class=\"has-text-align-center\" data-align=\"center\">Justi\u00e7a restaurativa: limites e desafios da integra\u00e7\u00e3o comunit\u00e1ria na contemporaneidade<\/td><td class=\"has-text-align-center\" data-align=\"center\">Miriel Carine Giordani<\/td><td class=\"has-text-align-center\" data-align=\"center\">Ivann Carlos Lago<\/td><td class=\"has-text-align-center\" data-align=\"center\"><a href=\"https:\/\/rd.uffs.edu.br\/bitstream\/prefix\/2122\/1\/GIORDANI.pdf\" target=\"_blank\" rel=\"noreferrer noopener\">https:\/\/rd.uffs.edu.br\/bitstream\/prefix\/2122\/1\/GIORDANI.pdf<\/a><\/td><\/tr><tr><td class=\"has-text-align-center\" data-align=\"center\">Preval\u00eancia de c\u00e1rie e fatores associados em crian\u00e7as e a pol\u00edtica nacional de sa\u00fade bucal<\/td><td class=\"has-text-align-center\" data-align=\"center\">Nat\u00e1lia Boessio Tex de Vasconcellos &nbsp;<\/td><td class=\"has-text-align-center\" data-align=\"center\">Iara Denise Endruweit Battisti<\/td><td class=\"has-text-align-center\" data-align=\"center\"><a href=\"https:\/\/rd.uffs.edu.br\/bitstream\/prefix\/4593\/1\/VASCONCELLOS.pdf\" target=\"_blank\" rel=\"noreferrer noopener\">https:\/\/rd.uffs.edu.br\/bitstream\/prefix\/4593\/1\/VASCONCELLOS.pdf<\/a><\/td><\/tr><tr><td class=\"has-text-align-center\" data-align=\"center\">Investimentos p\u00fablicos em pol\u00edticas sociais e indicadores de desenvolvimento: analisando a trajet\u00f3ria de munic\u00edpios do noroeste do Rio Grande do Sul<\/td><td class=\"has-text-align-center\" data-align=\"center\">Neusa Rossini<\/td><td class=\"has-text-align-center\" data-align=\"center\">Edemar Rotta<\/td><td class=\"has-text-align-center\" data-align=\"center\"><a href=\"https:\/\/rd.uffs.edu.br\/bitstream\/prefix\/1964\/1\/ROSSINI.pdf\" target=\"_blank\" rel=\"noreferrer noopener\">https:\/\/rd.uffs.edu.br\/bitstream\/prefix\/1964\/1\/ROSSINI.pdf<\/a><\/td><\/tr><tr><td class=\"has-text-align-center\" data-align=\"center\">A aproxima\u00e7\u00e3o e o papel da extens\u00e3o universit\u00e1ria da ITCEES-UFFS para o atendimento \u00e0 Pol\u00edtica Nacional de Res\u00edduos S\u00f3lidos no Munic\u00edpio de Cerro Largo &#8211; RS<\/td><td class=\"has-text-align-center\" data-align=\"center\">Nuvea Kuhn<\/td><td class=\"has-text-align-center\" data-align=\"center\">Louise de Lira Roedel Botelho<\/td><td class=\"has-text-align-center\" data-align=\"center\"><a href=\"https:\/\/rd.uffs.edu.br\/bitstream\/prefix\/2557\/1\/KUHN.pdf\" target=\"_blank\" rel=\"noreferrer noopener\">https:\/\/rd.uffs.edu.br\/bitstream\/prefix\/2557\/1\/KUHN.pdf<\/a><\/td><\/tr><tr><td class=\"has-text-align-center\" data-align=\"center\">Os agravos de trabalho sob o olhar da Pol\u00edtica Nacional de Sa\u00fade do trabalhador (a) para a 12\u00ba Coordenadoria Regional de Sa\u00fade do Rs<\/td><td class=\"has-text-align-center\" data-align=\"center\">Sinara Danieli Zwan<\/td><td class=\"has-text-align-center\" data-align=\"center\">Dion\u00e9ia Dalcin<\/td><td class=\"has-text-align-center\" data-align=\"center\"><a href=\"https:\/\/rd.uffs.edu.br\/bitstream\/prefix\/2510\/1\/Zwan.pdf\" target=\"_blank\" rel=\"noreferrer noopener\">https:\/\/rd.uffs.edu.br\/bitstream\/prefix\/2510\/1\/Zwan.pdf<\/a><\/td><\/tr><\/tbody><\/table><\/figure>\n\n\n\n<p> <\/p>\n","protected":false},"excerpt":{"rendered":"<p>Acesso \u00e0s disserta\u00e7\u00f5es do Programa de P\u00f3s-Gradua\u00e7\u00e3o em Desenvolvimento e Pol\u00edticas P\u00fablicas (PPGDPP) da Universidade Federal da Fronteira Sul (UFFS) campus Cerro Largo\/RS, publicadas no ano de 2018&#8230;<\/p>\n","protected":false},"author":4,"featured_media":0,"comment_status":"closed","ping_status":"closed","sticky":false,"template":"","format":"standard","meta":{"footnotes":""},"categories":[3,14],"tags":[],"class_list":["post-695","post","type-post","status-publish","format-standard","hentry","category-destaque","category-dissertacoes"],"acf":[],"_links":{"self":[{"href":"https:\/\/dadosdr.uffs.edu.br\/index.php\/wp-json\/wp\/v2\/posts\/695","targetHints":{"allow":["GET"]}}],"collection":[{"href":"https:\/\/dadosdr.uffs.edu.br\/index.php\/wp-json\/wp\/v2\/posts"}],"about":[{"href":"https:\/\/dadosdr.uffs.edu.br\/index.php\/wp-json\/wp\/v2\/types\/post"}],"author":[{"embeddable":true,"href":"https:\/\/dadosdr.uffs.edu.br\/index.php\/wp-json\/wp\/v2\/users\/4"}],"replies":[{"embeddable":true,"href":"https:\/\/dadosdr.uffs.edu.br\/index.php\/wp-json\/wp\/v2\/comments?post=695"}],"version-history":[{"count":4,"href":"https:\/\/dadosdr.uffs.edu.br\/index.php\/wp-json\/wp\/v2\/posts\/695\/revisions"}],"predecessor-version":[{"id":702,"href":"https:\/\/dadosdr.uffs.edu.br\/index.php\/wp-json\/wp\/v2\/posts\/695\/revisions\/702"}],"wp:attachment":[{"href":"https:\/\/dadosdr.uffs.edu.br\/index.php\/wp-json\/wp\/v2\/media?parent=695"}],"wp:term":[{"taxonomy":"category","embeddable":true,"href":"https:\/\/dadosdr.uffs.edu.br\/index.php\/wp-json\/wp\/v2\/categories?post=695"},{"taxonomy":"post_tag","embeddable":true,"href":"https:\/\/dadosdr.uffs.edu.br\/index.php\/wp-json\/wp\/v2\/tags?post=695"}],"curies":[{"name":"wp","href":"https:\/\/api.w.org\/{rel}","templated":true}]}}