{"id":348,"date":"2021-10-03T15:47:15","date_gmt":"2021-10-03T18:47:15","guid":{"rendered":"https:\/\/dadosdr.uffs.edu.br\/?p=348"},"modified":"2021-10-03T15:48:25","modified_gmt":"2021-10-03T18:48:25","slug":"livro-desenvolvimento-e-politicas-publicas-trajetorias-de-pesquisas-do-programa-de-pos-graduacao-em-desenvolvimento-e-politicas-publicas-da-uffs-campus-cerro-largo","status":"publish","type":"post","link":"https:\/\/dadosdr.uffs.edu.br\/index.php\/2021\/10\/03\/livro-desenvolvimento-e-politicas-publicas-trajetorias-de-pesquisas-do-programa-de-pos-graduacao-em-desenvolvimento-e-politicas-publicas-da-uffs-campus-cerro-largo\/","title":{"rendered":"Livro: DESENVOLVIMENTO E POL\u00cdTICAS P\u00daBLICAS: Trajet\u00f3rias de Pesquisas do Programa de P\u00f3s-Gradua\u00e7\u00e3o em Desenvolvimento e Pol\u00edticas P\u00fablicas da UFFS, Campus Cerro Largo"},"content":{"rendered":"\n<p>&#8220;O intuito desse livro \u00e9 partilhar com a comunidade cient\u00edfica e regional pesquisas realizadas pelos mestrandos (agora mestres) em suas disserta\u00e7\u00f5es, com participa\u00e7\u00e3o de professores do Programa. Selecionamos para este livro, que esperamos ser o primeiro de muitos, 13 artigos que retratam um cen\u00e1rio das pesquisas desenvolvidas na \u00e1rea das pol\u00edticas p\u00fablicas e do desenvolvimento junto ao Programa. Alguns deles n\u00e3o s\u00e3o mais in\u00e9ditos, pois j\u00e1 foram publicados em eventos cient\u00edficos, peri\u00f3dicos nacionais e at\u00e9 mesmo como cap\u00edtulos de outros livros, por\u00e9m  entendemos que isso n\u00e3o prejudica a proposta de reuni-los e public\u00e1-los como coletivo neste material que agora \u00e9 compilado.&#8221;<\/p>\n\n\n\n<p><a href=\"https:\/\/editorailustracao.com.br\/livro\/desenvolvimento-e-politicas-publicas#download\">Download<\/a><\/p>\n\n\n\n<p><\/p>\n\n\n\n<p><\/p>\n","protected":false},"excerpt":{"rendered":"<p>&#8220;O intuito desse livro \u00e9 partilhar com a comunidade cient\u00edfica e regional pesquisas realizadas pelos mestrandos (agora mestres) em suas disserta\u00e7\u00f5es, com participa\u00e7\u00e3o de professores do Programa. Selecionamos para este livro, que esperamos ser o primeiro de muitos, 13 artigos que retratam um cen\u00e1rio das pesquisas desenvolvidas na \u00e1rea das pol\u00edticas p\u00fablicas e do desenvolvimento <a href=\"https:\/\/dadosdr.uffs.edu.br\/index.php\/2021\/10\/03\/livro-desenvolvimento-e-politicas-publicas-trajetorias-de-pesquisas-do-programa-de-pos-graduacao-em-desenvolvimento-e-politicas-publicas-da-uffs-campus-cerro-largo\/\" class=\"more-link\">&#8230;<span class=\"screen-reader-text\">  Livro: DESENVOLVIMENTO E POL\u00cdTICAS P\u00daBLICAS: Trajet\u00f3rias de Pesquisas do Programa de P\u00f3s-Gradua\u00e7\u00e3o em Desenvolvimento e Pol\u00edticas P\u00fablicas da UFFS, Campus Cerro Largo<\/span><\/a><\/p>\n","protected":false},"author":2,"featured_media":349,"comment_status":"closed","ping_status":"closed","sticky":false,"template":"","format":"standard","meta":{"footnotes":""},"categories":[67,60,11,4,9],"tags":[35,36,87,86],"class_list":["post-348","post","type-post","status-publish","format-standard","has-post-thumbnail","hentry","category-andreia-frohlich-justen","category-edemar-rotta","category-livros","category-noticias","category-publicacoes","tag-desenvolvimento","tag-livro","tag-pesquisa","tag-politicas-publicas"],"acf":[],"_links":{"self":[{"href":"https:\/\/dadosdr.uffs.edu.br\/index.php\/wp-json\/wp\/v2\/posts\/348","targetHints":{"allow":["GET"]}}],"collection":[{"href":"https:\/\/dadosdr.uffs.edu.br\/index.php\/wp-json\/wp\/v2\/posts"}],"about":[{"href":"https:\/\/dadosdr.uffs.edu.br\/index.php\/wp-json\/wp\/v2\/types\/post"}],"author":[{"embeddable":true,"href":"https:\/\/dadosdr.uffs.edu.br\/index.php\/wp-json\/wp\/v2\/users\/2"}],"replies":[{"embeddable":true,"href":"https:\/\/dadosdr.uffs.edu.br\/index.php\/wp-json\/wp\/v2\/comments?post=348"}],"version-history":[{"count":3,"href":"https:\/\/dadosdr.uffs.edu.br\/index.php\/wp-json\/wp\/v2\/posts\/348\/revisions"}],"predecessor-version":[{"id":464,"href":"https:\/\/dadosdr.uffs.edu.br\/index.php\/wp-json\/wp\/v2\/posts\/348\/revisions\/464"}],"wp:featuredmedia":[{"embeddable":true,"href":"https:\/\/dadosdr.uffs.edu.br\/index.php\/wp-json\/wp\/v2\/media\/349"}],"wp:attachment":[{"href":"https:\/\/dadosdr.uffs.edu.br\/index.php\/wp-json\/wp\/v2\/media?parent=348"}],"wp:term":[{"taxonomy":"category","embeddable":true,"href":"https:\/\/dadosdr.uffs.edu.br\/index.php\/wp-json\/wp\/v2\/categories?post=348"},{"taxonomy":"post_tag","embeddable":true,"href":"https:\/\/dadosdr.uffs.edu.br\/index.php\/wp-json\/wp\/v2\/tags?post=348"}],"curies":[{"name":"wp","href":"https:\/\/api.w.org\/{rel}","templated":true}]}}