{"id":1165,"date":"2022-08-22T13:00:23","date_gmt":"2022-08-22T16:00:23","guid":{"rendered":"https:\/\/dadosdr.uffs.edu.br\/?p=1165"},"modified":"2022-08-25T13:32:43","modified_gmt":"2022-08-25T16:32:43","slug":"roda-de-conversa-sobre-igualdade-de-genero","status":"publish","type":"post","link":"https:\/\/dadosdr.uffs.edu.br\/index.php\/2022\/08\/22\/roda-de-conversa-sobre-igualdade-de-genero\/","title":{"rendered":"26\/08\/22 &#8211; Roda de Conversa sobre Igualdade de G\u00eanero"},"content":{"rendered":"\n<p>O CRAS Bem Viver convida para uma Roda de Conversa com Claudia Jussara Harlos Heck, sobre a tem\u00e1tica: <strong>Igualdade de G\u00eanero &#8211; hoje \u00e9 um novo tempo.<\/strong><\/p>\n\n\n\n<p><\/p>\n\n\n\n<p>Dia <strong>26\/08\/22<\/strong> \u00e0s <strong>14h<\/strong>, no Centro Cultural E.A.C. (Garruchos\/RS).<\/p>\n\n\n\n<p><\/p>\n\n\n\n<figure class=\"wp-block-image size-large is-resized\"><img loading=\"lazy\" decoding=\"async\" src=\"https:\/\/dadosdr.uffs.edu.br\/wp-content\/uploads\/2022\/08\/299528200_5304333756354183_6835574115042950152_n-1017x1024.jpg\" alt=\"\" class=\"wp-image-1166\" width=\"509\" height=\"512\" srcset=\"https:\/\/dadosdr.uffs.edu.br\/wp-content\/uploads\/2022\/08\/299528200_5304333756354183_6835574115042950152_n-1017x1024.jpg 1017w, https:\/\/dadosdr.uffs.edu.br\/wp-content\/uploads\/2022\/08\/299528200_5304333756354183_6835574115042950152_n-298x300.jpg 298w, https:\/\/dadosdr.uffs.edu.br\/wp-content\/uploads\/2022\/08\/299528200_5304333756354183_6835574115042950152_n-150x150.jpg 150w, https:\/\/dadosdr.uffs.edu.br\/wp-content\/uploads\/2022\/08\/299528200_5304333756354183_6835574115042950152_n.jpg 1080w\" sizes=\"auto, (max-width: 509px) 100vw, 509px\" \/><\/figure>\n","protected":false},"excerpt":{"rendered":"<p>O CRAS Bem Viver convida para uma Roda de Conversa com Claudia Jussara Harlos Heck, sobre a tem\u00e1tica: Igualdade de G\u00eanero &#8211; hoje \u00e9 um novo tempo.<\/p>\n","protected":false},"author":4,"featured_media":1166,"comment_status":"closed","ping_status":"closed","sticky":false,"template":"","format":"standard","meta":{"footnotes":""},"categories":[23],"tags":[],"class_list":["post-1165","post","type-post","status-publish","format-standard","has-post-thumbnail","hentry","category-eventos"],"acf":[],"_links":{"self":[{"href":"https:\/\/dadosdr.uffs.edu.br\/index.php\/wp-json\/wp\/v2\/posts\/1165","targetHints":{"allow":["GET"]}}],"collection":[{"href":"https:\/\/dadosdr.uffs.edu.br\/index.php\/wp-json\/wp\/v2\/posts"}],"about":[{"href":"https:\/\/dadosdr.uffs.edu.br\/index.php\/wp-json\/wp\/v2\/types\/post"}],"author":[{"embeddable":true,"href":"https:\/\/dadosdr.uffs.edu.br\/index.php\/wp-json\/wp\/v2\/users\/4"}],"replies":[{"embeddable":true,"href":"https:\/\/dadosdr.uffs.edu.br\/index.php\/wp-json\/wp\/v2\/comments?post=1165"}],"version-history":[{"count":9,"href":"https:\/\/dadosdr.uffs.edu.br\/index.php\/wp-json\/wp\/v2\/posts\/1165\/revisions"}],"predecessor-version":[{"id":1203,"href":"https:\/\/dadosdr.uffs.edu.br\/index.php\/wp-json\/wp\/v2\/posts\/1165\/revisions\/1203"}],"wp:featuredmedia":[{"embeddable":true,"href":"https:\/\/dadosdr.uffs.edu.br\/index.php\/wp-json\/wp\/v2\/media\/1166"}],"wp:attachment":[{"href":"https:\/\/dadosdr.uffs.edu.br\/index.php\/wp-json\/wp\/v2\/media?parent=1165"}],"wp:term":[{"taxonomy":"category","embeddable":true,"href":"https:\/\/dadosdr.uffs.edu.br\/index.php\/wp-json\/wp\/v2\/categories?post=1165"},{"taxonomy":"post_tag","embeddable":true,"href":"https:\/\/dadosdr.uffs.edu.br\/index.php\/wp-json\/wp\/v2\/tags?post=1165"}],"curies":[{"name":"wp","href":"https:\/\/api.w.org\/{rel}","templated":true}]}}